{"id":1272,"date":"2012-11-12T11:20:53","date_gmt":"2012-11-12T11:20:53","guid":{"rendered":"https:\/\/www.st-promotions.de\/fr\/?p=1272"},"modified":"2022-01-31T11:08:49","modified_gmt":"2022-01-31T10:08:49","slug":"personnel-de-foire-francfort","status":"publish","type":"post","link":"https:\/\/www.st-promotions.de\/fr\/blog\/2012\/11\/12\/personnel-de-foire-francfort\/","title":{"rendered":"H\u00f4tesses et h\u00f4tes au salon du livre de Francfort"},"content":{"rendered":"<p>Un des meilleurs magazines allemands: Brand Eins est notre client depuis de nombreuses ann\u00e9es. Cette fois-ci, nous avons soutenu Brand Eins avec des h\u00f4tes et des h\u00f4tesses au salon du livre de Francfort.<\/p>\n<h3>Wikipedia \u00e9crit \u00e0 propos de brand eins:<\/h3>\n<p>brand eins d\u00e9peint les entreprises et leurs personnalit\u00e9s. Le magazine traite \u00e9galement des questions \u00e9conomiques et socio-politiques, ainsi que des rapports, Des Nouvelles et des interviews de la pratique. Chaque num\u00e9ro a une th\u00e9matique sp\u00e9ciale par exemple le capital, le travail, l&rsquo;argent ou la qualit\u00e9. Mais Brand eins \u00e9crit aussi sur des sujets tels que l&rsquo;amour et l&rsquo;art.<\/p>\n<h3>Frankfurter Buchmesse<\/h3>\n<p>Avec 7.000 exposants internationaux le salon du livre de Francfort\u00a0est la plus grande exposition du genre litt\u00e9raire du monde.<\/p>\n<p>&nbsp;<\/p>\n\n\t\t<style type=\"text\/css\">\n\t\t\t#gallery-1 {\n\t\t\t\tmargin: auto;\n\t\t\t}\n\t\t\t#gallery-1 .gallery-item {\n\t\t\t\tfloat: left;\n\t\t\t\tmargin-top: 10px;\n\t\t\t\ttext-align: center;\n\t\t\t\twidth: 25%;\n\t\t\t}\n\t\t\t#gallery-1 img {\n\t\t\t\tborder: 2px solid #cfcfcf;\n\t\t\t}\n\t\t\t#gallery-1 .gallery-caption {\n\t\t\t\tmargin-left: 0;\n\t\t\t}\n\t\t\t\/* see gallery_shortcode() in wp-includes\/media.php *\/\n\t\t<\/style>\n\t\t<div id='gallery-1' class='gallery galleryid-1272 gallery-columns-4 gallery-size-thumbnail'><dl class='gallery-item'>\n\t\t\t<dt class='gallery-icon landscape'>\n\t\t\t\t<a href='https:\/\/www.st-promotions.de\/fr\/wp-content\/uploads\/sites\/3\/2012\/11\/Personnel-de-foire-Francfort-Allemagne-01.jpg'><img loading=\"lazy\" decoding=\"async\" width=\"150\" height=\"150\" src=\"https:\/\/www.st-promotions.de\/fr\/wp-content\/uploads\/sites\/3\/2012\/11\/Personnel-de-foire-Francfort-Allemagne-01-150x150.jpg\" class=\"attachment-thumbnail size-thumbnail\" alt=\"presentation des livres a une cliente\" srcset=\"https:\/\/www.st-promotions.de\/fr\/wp-content\/uploads\/sites\/3\/2012\/11\/Personnel-de-foire-Francfort-Allemagne-01-150x150.jpg 150w, https:\/\/www.st-promotions.de\/fr\/wp-content\/uploads\/sites\/3\/2012\/11\/Personnel-de-foire-Francfort-Allemagne-01-300x300.jpg 300w\" sizes=\"auto, (max-width: 150px) 100vw, 150px\" \/><\/a>\n\t\t\t<\/dt><\/dl><dl class='gallery-item'>\n\t\t\t<dt class='gallery-icon landscape'>\n\t\t\t\t<a href='https:\/\/www.st-promotions.de\/fr\/wp-content\/uploads\/sites\/3\/2012\/11\/Personnel-de-foire-Francfort-Allemagne-02.jpg'><img loading=\"lazy\" decoding=\"async\" width=\"150\" height=\"150\" src=\"https:\/\/www.st-promotions.de\/fr\/wp-content\/uploads\/sites\/3\/2012\/11\/Personnel-de-foire-Francfort-Allemagne-02-150x150.jpg\" class=\"attachment-thumbnail size-thumbnail\" alt=\"visiteurs du stand vue de dos\" srcset=\"https:\/\/www.st-promotions.de\/fr\/wp-content\/uploads\/sites\/3\/2012\/11\/Personnel-de-foire-Francfort-Allemagne-02-150x150.jpg 150w, https:\/\/www.st-promotions.de\/fr\/wp-content\/uploads\/sites\/3\/2012\/11\/Personnel-de-foire-Francfort-Allemagne-02-300x300.jpg 300w\" sizes=\"auto, (max-width: 150px) 100vw, 150px\" \/><\/a>\n\t\t\t<\/dt><\/dl><dl class='gallery-item'>\n\t\t\t<dt class='gallery-icon landscape'>\n\t\t\t\t<a href='https:\/\/www.st-promotions.de\/fr\/wp-content\/uploads\/sites\/3\/2012\/11\/Personnel-de-foire-Francfort-Allemagne-03.jpg'><img loading=\"lazy\" decoding=\"async\" width=\"150\" height=\"150\" src=\"https:\/\/www.st-promotions.de\/fr\/wp-content\/uploads\/sites\/3\/2012\/11\/Personnel-de-foire-Francfort-Allemagne-03-150x150.jpg\" class=\"attachment-thumbnail size-thumbnail\" alt=\"presentation des livres aux visiteurs par une des promotrice de Brand eins\" srcset=\"https:\/\/www.st-promotions.de\/fr\/wp-content\/uploads\/sites\/3\/2012\/11\/Personnel-de-foire-Francfort-Allemagne-03-150x150.jpg 150w, https:\/\/www.st-promotions.de\/fr\/wp-content\/uploads\/sites\/3\/2012\/11\/Personnel-de-foire-Francfort-Allemagne-03-300x300.jpg 300w\" sizes=\"auto, (max-width: 150px) 100vw, 150px\" \/><\/a>\n\t\t\t<\/dt><\/dl><dl class='gallery-item'>\n\t\t\t<dt class='gallery-icon landscape'>\n\t\t\t\t<a href='https:\/\/www.st-promotions.de\/fr\/wp-content\/uploads\/sites\/3\/2012\/11\/Personnel-de-foire-Francfort-Allemagne-04.jpg'><img loading=\"lazy\" decoding=\"async\" width=\"150\" height=\"150\" src=\"https:\/\/www.st-promotions.de\/fr\/wp-content\/uploads\/sites\/3\/2012\/11\/Personnel-de-foire-Francfort-Allemagne-04-150x150.jpg\" class=\"attachment-thumbnail size-thumbnail\" alt=\"Stand Brand Eins avec des promotrices accueillant les visiteurs \u00e0 la foire du livre\" srcset=\"https:\/\/www.st-promotions.de\/fr\/wp-content\/uploads\/sites\/3\/2012\/11\/Personnel-de-foire-Francfort-Allemagne-04-150x150.jpg 150w, https:\/\/www.st-promotions.de\/fr\/wp-content\/uploads\/sites\/3\/2012\/11\/Personnel-de-foire-Francfort-Allemagne-04-300x300.jpg 300w\" sizes=\"auto, (max-width: 150px) 100vw, 150px\" \/><\/a>\n\t\t\t<\/dt><\/dl><br style=\"clear: both\" \/><dl class='gallery-item'>\n\t\t\t<dt class='gallery-icon landscape'>\n\t\t\t\t<a href='https:\/\/www.st-promotions.de\/fr\/wp-content\/uploads\/sites\/3\/2012\/11\/Personnel-de-foire-Francfort-Allemagne-05.jpg'><img loading=\"lazy\" decoding=\"async\" width=\"150\" height=\"150\" src=\"https:\/\/www.st-promotions.de\/fr\/wp-content\/uploads\/sites\/3\/2012\/11\/Personnel-de-foire-Francfort-Allemagne-05-150x150.jpg\" class=\"attachment-thumbnail size-thumbnail\" alt=\"presentation des livres aux visiteurs par une des promotrice de Brand eins\" srcset=\"https:\/\/www.st-promotions.de\/fr\/wp-content\/uploads\/sites\/3\/2012\/11\/Personnel-de-foire-Francfort-Allemagne-05-150x150.jpg 150w, https:\/\/www.st-promotions.de\/fr\/wp-content\/uploads\/sites\/3\/2012\/11\/Personnel-de-foire-Francfort-Allemagne-05-300x300.jpg 300w\" sizes=\"auto, (max-width: 150px) 100vw, 150px\" \/><\/a>\n\t\t\t<\/dt><\/dl><dl class='gallery-item'>\n\t\t\t<dt class='gallery-icon landscape'>\n\t\t\t\t<a href='https:\/\/www.st-promotions.de\/fr\/wp-content\/uploads\/sites\/3\/2012\/11\/Personnel-de-foire-Francfort-Allemagne-06.jpg'><img loading=\"lazy\" decoding=\"async\" width=\"150\" height=\"150\" src=\"https:\/\/www.st-promotions.de\/fr\/wp-content\/uploads\/sites\/3\/2012\/11\/Personnel-de-foire-Francfort-Allemagne-06-150x150.jpg\" class=\"attachment-thumbnail size-thumbnail\" alt=\"visiteurs du stand brand eins vue de dos\" srcset=\"https:\/\/www.st-promotions.de\/fr\/wp-content\/uploads\/sites\/3\/2012\/11\/Personnel-de-foire-Francfort-Allemagne-06-150x150.jpg 150w, https:\/\/www.st-promotions.de\/fr\/wp-content\/uploads\/sites\/3\/2012\/11\/Personnel-de-foire-Francfort-Allemagne-06-300x300.jpg 300w\" sizes=\"auto, (max-width: 150px) 100vw, 150px\" \/><\/a>\n\t\t\t<\/dt><\/dl><dl class='gallery-item'>\n\t\t\t<dt class='gallery-icon landscape'>\n\t\t\t\t<a href='https:\/\/www.st-promotions.de\/fr\/wp-content\/uploads\/sites\/3\/2012\/11\/Personnel-de-foire-Francfort-Allemagne-07.jpg'><img loading=\"lazy\" decoding=\"async\" width=\"150\" height=\"150\" src=\"https:\/\/www.st-promotions.de\/fr\/wp-content\/uploads\/sites\/3\/2012\/11\/Personnel-de-foire-Francfort-Allemagne-07-150x150.jpg\" class=\"attachment-thumbnail size-thumbnail\" alt=\"presentation des livres par les promoteurs\" srcset=\"https:\/\/www.st-promotions.de\/fr\/wp-content\/uploads\/sites\/3\/2012\/11\/Personnel-de-foire-Francfort-Allemagne-07-150x150.jpg 150w, https:\/\/www.st-promotions.de\/fr\/wp-content\/uploads\/sites\/3\/2012\/11\/Personnel-de-foire-Francfort-Allemagne-07-300x300.jpg 300w\" sizes=\"auto, (max-width: 150px) 100vw, 150px\" \/><\/a>\n\t\t\t<\/dt><\/dl><dl class='gallery-item'>\n\t\t\t<dt class='gallery-icon landscape'>\n\t\t\t\t<a href='https:\/\/www.st-promotions.de\/fr\/wp-content\/uploads\/sites\/3\/2012\/11\/Personnel-de-foire-Francfort-Allemagne-08.jpg'><img loading=\"lazy\" decoding=\"async\" width=\"150\" height=\"150\" src=\"https:\/\/www.st-promotions.de\/fr\/wp-content\/uploads\/sites\/3\/2012\/11\/Personnel-de-foire-Francfort-Allemagne-08-150x150.jpg\" class=\"attachment-thumbnail size-thumbnail\" alt=\"visiteurs du stand vue de dos\" srcset=\"https:\/\/www.st-promotions.de\/fr\/wp-content\/uploads\/sites\/3\/2012\/11\/Personnel-de-foire-Francfort-Allemagne-08-150x150.jpg 150w, https:\/\/www.st-promotions.de\/fr\/wp-content\/uploads\/sites\/3\/2012\/11\/Personnel-de-foire-Francfort-Allemagne-08-300x300.jpg 300w\" sizes=\"auto, (max-width: 150px) 100vw, 150px\" \/><\/a>\n\t\t\t<\/dt><\/dl><br style=\"clear: both\" \/><dl class='gallery-item'>\n\t\t\t<dt class='gallery-icon landscape'>\n\t\t\t\t<a href='https:\/\/www.st-promotions.de\/fr\/wp-content\/uploads\/sites\/3\/2012\/11\/Personnel-de-foire-Francfort-Allemagne-09.jpg'><img loading=\"lazy\" decoding=\"async\" width=\"150\" height=\"150\" src=\"https:\/\/www.st-promotions.de\/fr\/wp-content\/uploads\/sites\/3\/2012\/11\/Personnel-de-foire-Francfort-Allemagne-09-150x150.jpg\" class=\"attachment-thumbnail size-thumbnail\" alt=\"stand Brand eins avec des visiteurs entrain de choisir des livres\" srcset=\"https:\/\/www.st-promotions.de\/fr\/wp-content\/uploads\/sites\/3\/2012\/11\/Personnel-de-foire-Francfort-Allemagne-09-150x150.jpg 150w, https:\/\/www.st-promotions.de\/fr\/wp-content\/uploads\/sites\/3\/2012\/11\/Personnel-de-foire-Francfort-Allemagne-09-300x300.jpg 300w\" sizes=\"auto, (max-width: 150px) 100vw, 150px\" \/><\/a>\n\t\t\t<\/dt><\/dl><dl class='gallery-item'>\n\t\t\t<dt class='gallery-icon landscape'>\n\t\t\t\t<a href='https:\/\/www.st-promotions.de\/fr\/wp-content\/uploads\/sites\/3\/2012\/11\/Personnel-de-foire-Francfort-Allemagne-10.jpg'><img loading=\"lazy\" decoding=\"async\" width=\"150\" height=\"150\" src=\"https:\/\/www.st-promotions.de\/fr\/wp-content\/uploads\/sites\/3\/2012\/11\/Personnel-de-foire-Francfort-Allemagne-10-150x150.jpg\" class=\"attachment-thumbnail size-thumbnail\" alt=\"stand Brand eins rempli de visiteur\" srcset=\"https:\/\/www.st-promotions.de\/fr\/wp-content\/uploads\/sites\/3\/2012\/11\/Personnel-de-foire-Francfort-Allemagne-10-150x150.jpg 150w, https:\/\/www.st-promotions.de\/fr\/wp-content\/uploads\/sites\/3\/2012\/11\/Personnel-de-foire-Francfort-Allemagne-10-300x300.jpg 300w\" sizes=\"auto, (max-width: 150px) 100vw, 150px\" \/><\/a>\n\t\t\t<\/dt><\/dl><dl class='gallery-item'>\n\t\t\t<dt class='gallery-icon landscape'>\n\t\t\t\t<a href='https:\/\/www.st-promotions.de\/fr\/wp-content\/uploads\/sites\/3\/2012\/11\/Personnel-de-foire-Francfort-Allemagne-11.jpg'><img loading=\"lazy\" decoding=\"async\" width=\"150\" height=\"150\" src=\"https:\/\/www.st-promotions.de\/fr\/wp-content\/uploads\/sites\/3\/2012\/11\/Personnel-de-foire-Francfort-Allemagne-11-150x150.jpg\" class=\"attachment-thumbnail size-thumbnail\" alt=\"stand de Brand eins a la foire du livre a Francfort\" srcset=\"https:\/\/www.st-promotions.de\/fr\/wp-content\/uploads\/sites\/3\/2012\/11\/Personnel-de-foire-Francfort-Allemagne-11-150x150.jpg 150w, https:\/\/www.st-promotions.de\/fr\/wp-content\/uploads\/sites\/3\/2012\/11\/Personnel-de-foire-Francfort-Allemagne-11-300x300.jpg 300w\" sizes=\"auto, (max-width: 150px) 100vw, 150px\" \/><\/a>\n\t\t\t<\/dt><\/dl><dl class='gallery-item'>\n\t\t\t<dt class='gallery-icon landscape'>\n\t\t\t\t<a href='https:\/\/www.st-promotions.de\/fr\/wp-content\/uploads\/sites\/3\/2012\/11\/Personnel-de-foire-Francfort-Allemagne-12.jpg'><img loading=\"lazy\" decoding=\"async\" width=\"150\" height=\"150\" src=\"https:\/\/www.st-promotions.de\/fr\/wp-content\/uploads\/sites\/3\/2012\/11\/Personnel-de-foire-Francfort-Allemagne-12-150x150.jpg\" class=\"attachment-thumbnail size-thumbnail\" alt=\"Un groupe de visiteurs qui feuillette attentivement des ouvrages pr\u00e9sent\u00e9s sur un stand d\u2019\u00e9dition\" srcset=\"https:\/\/www.st-promotions.de\/fr\/wp-content\/uploads\/sites\/3\/2012\/11\/Personnel-de-foire-Francfort-Allemagne-12-150x150.jpg 150w, https:\/\/www.st-promotions.de\/fr\/wp-content\/uploads\/sites\/3\/2012\/11\/Personnel-de-foire-Francfort-Allemagne-12-300x300.jpg 300w\" sizes=\"auto, (max-width: 150px) 100vw, 150px\" \/><\/a>\n\t\t\t<\/dt><\/dl><br style=\"clear: both\" \/>\n\t\t<\/div>\n\n","protected":false},"excerpt":{"rendered":"<p>Un des meilleurs magazines allemands: Brand Eins est notre client depuis de nombreuses ann\u00e9es. Cette fois-ci, nous avons soutenu Brand Eins avec des h\u00f4tes et des h\u00f4tesses au salon du livre de Francfort. Wikipedia \u00e9crit \u00e0 propos de brand eins: brand eins d\u00e9peint les entreprises et leurs personnalit\u00e9s. Le magazine traite \u00e9galement des questions \u00e9conomiques &#8230; <span\" class=\"link-primary\">en savoir plus<\/span><\/p>\n","protected":false},"author":2,"featured_media":0,"comment_status":"closed","ping_status":"closed","sticky":false,"template":"","format":"gallery","meta":{"_acf_changed":false,"footnotes":""},"categories":[4,13,15],"tags":[24,36,38,42,43,44,56,71,76],"class_list":["post-1272","post","type-post","status-publish","format-gallery","hentry","category-agence-de-marketing-experientiel","category-marketing-experientiel","category-personnel-de-foire","tag-agence-promotionnelle","tag-echantillonnage","tag-francfort","tag-hotes","tag-hotesses","tag-hotesses-daccueil-pour-salons","tag-personnel-de-foire","tag-salon-du-livre-de-francfort","tag-stand","post_format-post-format-gallery"],"acf":[],"_links":{"self":[{"href":"https:\/\/www.st-promotions.de\/fr\/wp-json\/wp\/v2\/posts\/1272","targetHints":{"allow":["GET"]}}],"collection":[{"href":"https:\/\/www.st-promotions.de\/fr\/wp-json\/wp\/v2\/posts"}],"about":[{"href":"https:\/\/www.st-promotions.de\/fr\/wp-json\/wp\/v2\/types\/post"}],"author":[{"embeddable":true,"href":"https:\/\/www.st-promotions.de\/fr\/wp-json\/wp\/v2\/users\/2"}],"replies":[{"embeddable":true,"href":"https:\/\/www.st-promotions.de\/fr\/wp-json\/wp\/v2\/comments?post=1272"}],"version-history":[{"count":3,"href":"https:\/\/www.st-promotions.de\/fr\/wp-json\/wp\/v2\/posts\/1272\/revisions"}],"predecessor-version":[{"id":25616,"href":"https:\/\/www.st-promotions.de\/fr\/wp-json\/wp\/v2\/posts\/1272\/revisions\/25616"}],"wp:attachment":[{"href":"https:\/\/www.st-promotions.de\/fr\/wp-json\/wp\/v2\/media?parent=1272"}],"wp:term":[{"taxonomy":"category","embeddable":true,"href":"https:\/\/www.st-promotions.de\/fr\/wp-json\/wp\/v2\/categories?post=1272"},{"taxonomy":"post_tag","embeddable":true,"href":"https:\/\/www.st-promotions.de\/fr\/wp-json\/wp\/v2\/tags?post=1272"}],"curies":[{"name":"wp","href":"https:\/\/api.w.org\/{rel}","templated":true}]}}