{"id":26261,"date":"2025-04-26T12:37:59","date_gmt":"2025-04-26T11:37:59","guid":{"rendered":"https:\/\/www.st-promotions.de\/fr\/?p=26261"},"modified":"2025-04-30T10:42:56","modified_gmt":"2025-04-30T09:42:56","slug":"glamour-et-mobilite-une-promotion-uber-reussie-au-bal-de-la-presse-federale-a-berlin","status":"publish","type":"post","link":"https:\/\/www.st-promotions.de\/fr\/blog\/2025\/04\/26\/glamour-et-mobilite-une-promotion-uber-reussie-au-bal-de-la-presse-federale-a-berlin\/","title":{"rendered":"Glamour et mobilit\u00e9 : une promotion Uber r\u00e9ussie au Bal de la Presse F\u00e9d\u00e9rale \u00e0 Berlin"},"content":{"rendered":"<p class=\"\" data-start=\"118\" data-end=\"208\"><img loading=\"lazy\" decoding=\"async\" class=\"aligncenter wp-image-26262 size-medium\" src=\"https:\/\/www.st-promotions.de\/fr\/wp-content\/uploads\/sites\/3\/2025\/04\/BPB-2025-300x300.jpg\" alt=\"\" width=\"300\" height=\"300\" srcset=\"https:\/\/www.st-promotions.de\/fr\/wp-content\/uploads\/sites\/3\/2025\/04\/BPB-2025-300x300.jpg 300w, https:\/\/www.st-promotions.de\/fr\/wp-content\/uploads\/sites\/3\/2025\/04\/BPB-2025-150x150.jpg 150w, https:\/\/www.st-promotions.de\/fr\/wp-content\/uploads\/sites\/3\/2025\/04\/BPB-2025-355x355.jpg 355w, https:\/\/www.st-promotions.de\/fr\/wp-content\/uploads\/sites\/3\/2025\/04\/BPB-2025-710x710.jpg 710w\" sizes=\"auto, (max-width: 300px) 100vw, 300px\" \/><\/p>\n<p class=\"\" data-start=\"213\" data-end=\"545\">Quand c\u00e9l\u00e9brit\u00e9s, politiques et journalistes se rencontrent, une marque forte se doit d\u2019\u00eatre pr\u00e9sente \u2013 et c\u2019est l\u00e0 que notre agence de promotion est intervenue. Pour notre client Scholz&amp;Friends, nous avons eu le plaisir de r\u00e9aliser une action de promotion remarqu\u00e9e pour UBER lors du prestigieux \u00ab\u00a0Bundespresseball\u00a0\u00bb \u00e0 Berlin.<\/p>\n<p class=\"\" data-start=\"550\" data-end=\"844\">Dans une ambiance festive, nos promoteurs professionnels ont distribu\u00e9 avec charme et sourire des codes de r\u00e9duction Uber exclusifs aux invit\u00e9s \u2013 toujours avec un service impeccable. L&rsquo;objectif : offrir aux invit\u00e9s non seulement une soir\u00e9e m\u00e9morable, mais aussi un retour confortable avec Uber.<\/p>\n<p class=\"\" data-start=\"849\" data-end=\"1131\">Nous avons assist\u00e9 les invit\u00e9s pour t\u00e9l\u00e9charger l\u2019application Uber et utiliser leur code promotionnel \u2013 un service client personnalis\u00e9 qui a \u00e9t\u00e9 tr\u00e8s appr\u00e9ci\u00e9. Gr\u00e2ce \u00e0 cette interaction directe, la marque est devenue une exp\u00e9rience tangible et a offert une v\u00e9ritable valeur ajout\u00e9e.<\/p>\n<p class=\"\" data-start=\"1136\" data-end=\"1331\">Le r\u00e9sultat : une visibilit\u00e9 maximale et une exp\u00e9rience de marque positive. Cette op\u00e9ration montre parfaitement comment communication en direct et univers digital peuvent se combiner avec succ\u00e8s.<\/p>\n<p class=\"\" data-start=\"1336\" data-end=\"1454\">Un grand merci \u00e0 Scholz&amp;Friends pour leur confiance \u2013 nous sommes ravis d&rsquo;avoir contribu\u00e9 \u00e0 cette soir\u00e9e d\u2019exception !<\/p>\n","protected":false},"excerpt":{"rendered":"<p>Quand c\u00e9l\u00e9brit\u00e9s, politiques et journalistes se rencontrent, une marque forte se doit d\u2019\u00eatre pr\u00e9sente \u2013 et c\u2019est l\u00e0 que notre agence de promotion est intervenue. Pour notre client Scholz&amp;Friends, nous avons eu le plaisir de r\u00e9aliser une action de promotion remarqu\u00e9e pour UBER lors du prestigieux \u00ab\u00a0Bundespresseball\u00a0\u00bb \u00e0 Berlin. Dans une ambiance festive, nos promoteurs &#8230; <span\" class=\"link-primary\">en savoir plus<\/span><\/p>\n","protected":false},"author":2,"featured_media":0,"comment_status":"open","ping_status":"open","sticky":false,"template":"","format":"standard","meta":{"_acf_changed":false,"footnotes":""},"categories":[4,5,6],"tags":[26,31,95],"class_list":["post-26261","post","type-post","status-publish","format-standard","hentry","category-agence-de-marketing-experientiel","category-allemagne","category-ambassadeurs-de-marques","tag-ambassadeurs-de-marque","tag-berlin","tag-distributions"],"acf":[],"_links":{"self":[{"href":"https:\/\/www.st-promotions.de\/fr\/wp-json\/wp\/v2\/posts\/26261","targetHints":{"allow":["GET"]}}],"collection":[{"href":"https:\/\/www.st-promotions.de\/fr\/wp-json\/wp\/v2\/posts"}],"about":[{"href":"https:\/\/www.st-promotions.de\/fr\/wp-json\/wp\/v2\/types\/post"}],"author":[{"embeddable":true,"href":"https:\/\/www.st-promotions.de\/fr\/wp-json\/wp\/v2\/users\/2"}],"replies":[{"embeddable":true,"href":"https:\/\/www.st-promotions.de\/fr\/wp-json\/wp\/v2\/comments?post=26261"}],"version-history":[{"count":4,"href":"https:\/\/www.st-promotions.de\/fr\/wp-json\/wp\/v2\/posts\/26261\/revisions"}],"predecessor-version":[{"id":26267,"href":"https:\/\/www.st-promotions.de\/fr\/wp-json\/wp\/v2\/posts\/26261\/revisions\/26267"}],"wp:attachment":[{"href":"https:\/\/www.st-promotions.de\/fr\/wp-json\/wp\/v2\/media?parent=26261"}],"wp:term":[{"taxonomy":"category","embeddable":true,"href":"https:\/\/www.st-promotions.de\/fr\/wp-json\/wp\/v2\/categories?post=26261"},{"taxonomy":"post_tag","embeddable":true,"href":"https:\/\/www.st-promotions.de\/fr\/wp-json\/wp\/v2\/tags?post=26261"}],"curies":[{"name":"wp","href":"https:\/\/api.w.org\/{rel}","templated":true}]}}