{"id":26292,"date":"2025-06-11T19:29:21","date_gmt":"2025-06-11T18:29:21","guid":{"rendered":"https:\/\/www.st-promotions.de\/fr\/?p=26292"},"modified":"2025-06-24T10:07:14","modified_gmt":"2025-06-24T09:07:14","slug":"travailler-dans-le-bunker-de-la-feldstrase-la-ou-les-autres-sont-en-vacances-notre-quotidien-commence","status":"publish","type":"post","link":"https:\/\/www.st-promotions.de\/fr\/blog\/2025\/06\/11\/travailler-dans-le-bunker-de-la-feldstrase-la-ou-les-autres-sont-en-vacances-notre-quotidien-commence\/","title":{"rendered":"Travailler dans le bunker de la Feldstra\u00dfe \u2013 l\u00e0 o\u00f9 les autres sont en vacances, notre quotidien commence"},"content":{"rendered":"<h3 data-start=\"2499\" data-end=\"2616\"><img loading=\"lazy\" decoding=\"async\" class=\"aligncenter wp-image-26293 size-large\" src=\"https:\/\/www.st-promotions.de\/fr\/wp-content\/uploads\/sites\/3\/2025\/06\/Bunker-Bild-682x1024.png\" alt=\"\" width=\"682\" height=\"1024\" srcset=\"https:\/\/www.st-promotions.de\/fr\/wp-content\/uploads\/sites\/3\/2025\/06\/Bunker-Bild-682x1024.png 682w, https:\/\/www.st-promotions.de\/fr\/wp-content\/uploads\/sites\/3\/2025\/06\/Bunker-Bild-768x1152.png 768w, https:\/\/www.st-promotions.de\/fr\/wp-content\/uploads\/sites\/3\/2025\/06\/Bunker-Bild.png 853w\" sizes=\"auto, (max-width: 682px) 100vw, 682px\" \/><\/h3>\n<p data-start=\"2618\" data-end=\"3099\">En plein c\u0153ur de Hambourg, \u00e0 St. Pauli, <a href=\"https:\/\/www.bunker-stpauli.de\/en\/\">le bunker de la Feldstra\u00dfe<\/a> s\u2019\u00e9l\u00e8ve comme un t\u00e9moin silencieux de l\u2019histoire. Construit \u00e0 l\u2019origine comme un symbole d\u2019agression militaire et d\u2019intimidation, il incarne aujourd\u2019hui exactement l\u2019inverse : le changement, l\u2019ouverture et de nouvelles perspectives. Entre ses murs massifs travaillent d\u00e9sormais des personnes qui misent non pas sur la s\u00e9paration, mais sur l\u2019\u00e9change, la cr\u00e9ativit\u00e9 et un avenir pacifique. Et nous en faisons partie.<\/p>\n<p data-start=\"3101\" data-end=\"3468\">Tandis qu\u2019\u00e0 l\u2019ext\u00e9rieur, les groupes de touristes admirent la terrasse v\u00e9g\u00e9talis\u00e9e, profitent du panorama sur Hambourg ou participent \u00e0 des visites guid\u00e9es, nous sommes \u00e0 nos bureaux, \u00e0 concevoir des id\u00e9es, des strat\u00e9gies et des campagnes \u00e0 l\u2019\u00e9chelle europ\u00e9enne. Travailler l\u00e0 o\u00f9 les autres partent en vacances \u2013 c\u2019est ainsi que l\u2019on pourrait r\u00e9sumer notre quotidien.<\/p>\n<p data-start=\"3470\" data-end=\"3904\">Mais cet endroit est bien plus qu\u2019un simple lieu spectaculaire : le bunker nous rappelle chaque jour ce qui compte le plus \u2013 la paix. Pouvoir ici travailler de mani\u00e8re cr\u00e9ative, \u00e9laborer des id\u00e9es et fa\u00e7onner l\u2019avenir dans un b\u00e2timent jadis con\u00e7u pour la guerre est pour nous un privil\u00e8ge quotidien. Ce lieu est aussi un engagement clair : plus jamais la guerre. Mais plut\u00f4t la coop\u00e9ration, l\u2019\u00e9change \u2013 et le vivre-ensemble pacifique.<\/p>\n<p data-start=\"3906\" data-end=\"4176\">La transformation de ce lieu \u2013 d\u2019un bastion \u00e0 un espace de rencontre \u2013 symbolise le chemin que nous devons emprunter en tant que soci\u00e9t\u00e9. Plut\u00f4t que d\u2019\u00e9riger des murs, nous cr\u00e9ons des espaces pour les id\u00e9es. Plut\u00f4t que la confrontation, nous misons sur la communication.<\/p>\n<p data-start=\"4178\" data-end=\"4495\">Ce n\u2019est donc sans doute pas un hasard si notre bureau se trouve ici. Aujourd\u2019hui, le bunker est un lieu o\u00f9 le pass\u00e9, le pr\u00e9sent et l\u2019avenir se rencontrent. O\u00f9 l\u2019art urbain, la culture, la durabilit\u00e9 et l\u2019innovation se croisent. O\u00f9 la cr\u00e9ativit\u00e9 est chez elle \u2013 et o\u00f9 la paix n\u2019est pas qu\u2019un mot, mais une conviction.<\/p>\n<p data-start=\"4497\" data-end=\"4773\">L\u2019atmosph\u00e8re unique de St. Pauli y contribue largement. L\u2019inspiration se trouve ici \u00e0 chaque coin de rue. Entre street art, caf\u00e9s, centres culturels et la Reeperbahn, la vie bat son plein. Pause d\u00e9jeuner au parc, ap\u00e9ro avec vue sur les toits de Hambourg \u2013 tout est \u00e0 deux pas.<\/p>\n<p data-start=\"4775\" data-end=\"4966\">Et tandis que les touristes rayent le bunker de leur liste de choses \u00e0 voir, nos \u00e9crans s\u2019allument. Nous ne travaillons pas seulement \u00e0 c\u00f4t\u00e9 d\u2019un monument \u2013 nous en faisons partie int\u00e9grante.<\/p>\n<p data-start=\"4968\" data-end=\"5261\">Travailler dans le bunker de la Feldstra\u00dfe, ce n\u2019est pas seulement \u00eatre au c\u0153ur de Hambourg \u2013 c\u2019est \u0153uvrer au sein d\u2019un puissant symbole de transformation, de responsabilit\u00e9 et de solidarit\u00e9. Un lieu qui nous rappelle chaque jour pourquoi il vaut la peine de travailler pour un monde meilleur.<\/p>\n","protected":false},"excerpt":{"rendered":"<p>En plein c\u0153ur de Hambourg, \u00e0 St. Pauli, le bunker de la Feldstra\u00dfe s\u2019\u00e9l\u00e8ve comme un t\u00e9moin silencieux de l\u2019histoire. Construit \u00e0 l\u2019origine comme un symbole d\u2019agression militaire et d\u2019intimidation, il incarne aujourd\u2019hui exactement l\u2019inverse : le changement, l\u2019ouverture et de nouvelles perspectives. Entre ses murs massifs travaillent d\u00e9sormais des personnes qui misent non pas &#8230; <span\" class=\"link-primary\">en savoir plus<\/span><\/p>\n","protected":false},"author":2,"featured_media":0,"comment_status":"open","ping_status":"open","sticky":false,"template":"","format":"standard","meta":{"_acf_changed":false,"footnotes":""},"categories":[2,3,4],"tags":[25,115,41],"class_list":["post-26292","post","type-post","status-publish","format-standard","hentry","category-agence","category-agence-de-marketing","category-agence-de-marketing-experientiel","tag-allemagne","tag-communication-hors-media","tag-hambourg"],"acf":[],"_links":{"self":[{"href":"https:\/\/www.st-promotions.de\/fr\/wp-json\/wp\/v2\/posts\/26292","targetHints":{"allow":["GET"]}}],"collection":[{"href":"https:\/\/www.st-promotions.de\/fr\/wp-json\/wp\/v2\/posts"}],"about":[{"href":"https:\/\/www.st-promotions.de\/fr\/wp-json\/wp\/v2\/types\/post"}],"author":[{"embeddable":true,"href":"https:\/\/www.st-promotions.de\/fr\/wp-json\/wp\/v2\/users\/2"}],"replies":[{"embeddable":true,"href":"https:\/\/www.st-promotions.de\/fr\/wp-json\/wp\/v2\/comments?post=26292"}],"version-history":[{"count":3,"href":"https:\/\/www.st-promotions.de\/fr\/wp-json\/wp\/v2\/posts\/26292\/revisions"}],"predecessor-version":[{"id":26309,"href":"https:\/\/www.st-promotions.de\/fr\/wp-json\/wp\/v2\/posts\/26292\/revisions\/26309"}],"wp:attachment":[{"href":"https:\/\/www.st-promotions.de\/fr\/wp-json\/wp\/v2\/media?parent=26292"}],"wp:term":[{"taxonomy":"category","embeddable":true,"href":"https:\/\/www.st-promotions.de\/fr\/wp-json\/wp\/v2\/categories?post=26292"},{"taxonomy":"post_tag","embeddable":true,"href":"https:\/\/www.st-promotions.de\/fr\/wp-json\/wp\/v2\/tags?post=26292"}],"curies":[{"name":"wp","href":"https:\/\/api.w.org\/{rel}","templated":true}]}}